{"id":1092,"date":"2021-03-29T09:29:50","date_gmt":"2021-03-29T09:29:50","guid":{"rendered":"https:\/\/www.bellateca.pl\/?p=1092"},"modified":"2021-03-29T09:59:44","modified_gmt":"2021-03-29T09:59:44","slug":"wiosenna-kolekcja-korres","status":"publish","type":"post","link":"https:\/\/www.bellateca.pl\/?p=1092","title":{"rendered":"Wiosenna kolekcja Korres"},"content":{"rendered":"\n<p>Grecka marka Korres mia\u0142a zawsze u wielu moich kole\u017canek opini\u0119 marki, kt\u00f3ra naprawd\u0119 dzia\u0142a. Pami\u0119tam zachwyty odm\u0142adzaj\u0105cym serum pod oczy Golden Krocus z ekstraktem z organicznego szafranu greckiego albo silnie od\u017cywcze kremy na noc na bazie lokalnej oliwy z oliwek. Teraz Korres stawia na sk\u0142adniki nie tylko rodzime, ale zawsze \u2013 jak ka\u017ce tradycja firmy \u2013 ekologiczne.<\/p>\n\n\n\n<figure class=\"wp-block-image size-large\"><img loading=\"lazy\" width=\"1440\" height=\"1467\" src=\"https:\/\/www.bellateca.pl\/wp-content\/uploads\/2021\/03\/korres-body-cleanser-1440x1467.jpeg\" alt=\"\" class=\"wp-image-1093\" srcset=\"https:\/\/www.bellateca.pl\/wp-content\/uploads\/2021\/03\/korres-body-cleanser-1440x1467.jpeg 1440w, https:\/\/www.bellateca.pl\/wp-content\/uploads\/2021\/03\/korres-body-cleanser-300x306.jpeg 300w, https:\/\/www.bellateca.pl\/wp-content\/uploads\/2021\/03\/korres-body-cleanser-1508x1536.jpeg 1508w, https:\/\/www.bellateca.pl\/wp-content\/uploads\/2021\/03\/korres-body-cleanser-2010x2048.jpeg 2010w, https:\/\/www.bellateca.pl\/wp-content\/uploads\/2021\/03\/korres-body-cleanser-800x815.jpeg 800w\" sizes=\"(max-width: 1440px) 100vw, 1440px\" \/><figcaption>Nowo\u015b\u0107 pachn\u0105ca marakuj\u0105 &#8211; \u017cel do mycia cia\u0142a<\/figcaption><\/figure>\n\n\n\n<p>Historia marki zacz\u0119\u0142a si\u0119 od pierwszej apteki homoepatycznej w Atenach. Za\u0142o\u017cy\u0142 j\u0105 Georg Korres, kt\u00f3ry \u0142\u0105czy\u0142 swoj\u0105 wiedz\u0119 z zakresu homeopatii z naturalnymi, zio\u0142owymi sk\u0142adnikami aktywnymi. Bez silikon\u00f3w, olej\u00f3w mineralnych i paraben\u00f3w.<\/p>\n\n\n\n<p>Tej wiosny mamy dwie nowe linie do piel\u0119gnacji cia\u0142a \u2013 jedna o zapachu bzu &#8211; czyli greckiej paschalii, kt\u00f3ra kwitnie tam w okresie Wielkanocy, a druga o aromacie tropikalnych owoc\u00f3w.<\/p>\n\n\n\n<figure class=\"wp-block-image size-large\"><img loading=\"lazy\" width=\"1440\" height=\"2160\" src=\"https:\/\/www.bellateca.pl\/wp-content\/uploads\/2021\/03\/Korres_Lilac-Body-Cleanser-1440x2160.jpg\" alt=\"\" class=\"wp-image-1094\" srcset=\"https:\/\/www.bellateca.pl\/wp-content\/uploads\/2021\/03\/Korres_Lilac-Body-Cleanser-1440x2160.jpg 1440w, https:\/\/www.bellateca.pl\/wp-content\/uploads\/2021\/03\/Korres_Lilac-Body-Cleanser-300x450.jpg 300w, https:\/\/www.bellateca.pl\/wp-content\/uploads\/2021\/03\/Korres_Lilac-Body-Cleanser-1024x1536.jpg 1024w, https:\/\/www.bellateca.pl\/wp-content\/uploads\/2021\/03\/Korres_Lilac-Body-Cleanser-1365x2048.jpg 1365w, https:\/\/www.bellateca.pl\/wp-content\/uploads\/2021\/03\/Korres_Lilac-Body-Cleanser-800x1200.jpg 800w, https:\/\/www.bellateca.pl\/wp-content\/uploads\/2021\/03\/Korres_Lilac-Body-Cleanser-scaled.jpg 1707w\" sizes=\"(max-width: 1440px) 100vw, 1440px\" \/><\/figure>\n\n\n\n<p>S\u0142odki, ale \u015bwie\u017cy, delikatny i zwiewny kwiat bzu w Grecji kojarzy si\u0119 zwykle z wiosn\u0105. W linii tej jest \u017cel pod prysznic o pieni\u0105cej si\u0119 konsystencji, kt\u00f3ry \u0142\u0105czy ekstrakt z aloesu, proteiny pszenicy i althei oraz nawil\u017caj\u0105ce mleczko do cia\u0142a z tej linii wzbogacono olejkiem migda\u0142owym, aloesem i prowitamin\u0105 B5, kt\u00f3re poprawiaj\u0105 elastyczno\u015b\u0107 sk\u00f3ry.<\/p>\n\n\n\n<p>Linia o zapachu tropikalnym to szale\u0144stwo aromat\u00f3w. Mamy tu soczyst\u0105 marakuj\u0119, ja\u015bmin i jagody! \u017bel pod prysznic z aloesem, proteinami pszenicy i ekstraktem z althei idealnie nawil\u017ca i oczyszcza sk\u00f3r\u0119 a nawil\u017caj\u0105ce mleczko do cia\u0142a z olejkiem migda\u0142owym, aloesem i prowitamin\u0105 B5 poprawia elastyczno\u015b\u0107 sk\u00f3ry. Kto lubi pi\u0119kne zapachy a jednocze\u015bnie dba, by produkty, kt\u00f3re nak\u0142ada na cia\u0142o by\u0142y naturalne &#8211; ten powinien pozna\u0107 Korres. Ale my\u015bl\u0119, \u017ce wi\u0119kszo\u015b\u0107 fanek dobrej piel\u0119gnacji zna i lubi od lat.<\/p>\n\n\n\n<p>Kosmetyki Korres dost\u0119pne s\u0105 w perfumerii Sephora.<\/p>\n","protected":false},"excerpt":{"rendered":"<p>Grecka marka Korres mia\u0142a zawsze u wielu moich kole\u017canek opini\u0119 marki, kt\u00f3ra naprawd\u0119 dzia\u0142a. Pami\u0119tam zachwyty odm\u0142adzaj\u0105cym serum pod oczy Golden Krocus z ekstraktem z organicznego szafranu greckiego albo silnie od\u017cywcze kremy na noc na&hellip;<\/p>\n","protected":false},"author":1,"featured_media":0,"comment_status":"open","ping_status":"closed","sticky":false,"template":"","format":"standard","meta":{"_mi_skip_tracking":false},"categories":[497],"tags":[947,972,971,482,970,969],"_links":{"self":[{"href":"https:\/\/www.bellateca.pl\/index.php?rest_route=\/wp\/v2\/posts\/1092"}],"collection":[{"href":"https:\/\/www.bellateca.pl\/index.php?rest_route=\/wp\/v2\/posts"}],"about":[{"href":"https:\/\/www.bellateca.pl\/index.php?rest_route=\/wp\/v2\/types\/post"}],"author":[{"embeddable":true,"href":"https:\/\/www.bellateca.pl\/index.php?rest_route=\/wp\/v2\/users\/1"}],"replies":[{"embeddable":true,"href":"https:\/\/www.bellateca.pl\/index.php?rest_route=%2Fwp%2Fv2%2Fcomments&post=1092"}],"version-history":[{"count":2,"href":"https:\/\/www.bellateca.pl\/index.php?rest_route=\/wp\/v2\/posts\/1092\/revisions"}],"predecessor-version":[{"id":1096,"href":"https:\/\/www.bellateca.pl\/index.php?rest_route=\/wp\/v2\/posts\/1092\/revisions\/1096"}],"wp:attachment":[{"href":"https:\/\/www.bellateca.pl\/index.php?rest_route=%2Fwp%2Fv2%2Fmedia&parent=1092"}],"wp:term":[{"taxonomy":"category","embeddable":true,"href":"https:\/\/www.bellateca.pl\/index.php?rest_route=%2Fwp%2Fv2%2Fcategories&post=1092"},{"taxonomy":"post_tag","embeddable":true,"href":"https:\/\/www.bellateca.pl\/index.php?rest_route=%2Fwp%2Fv2%2Ftags&post=1092"}],"curies":[{"name":"wp","href":"https:\/\/api.w.org\/{rel}","templated":true}]}}