{"id":1716,"date":"2021-12-06T10:01:02","date_gmt":"2021-12-06T10:01:02","guid":{"rendered":"https:\/\/www.bellateca.pl\/?p=1716"},"modified":"2021-12-06T10:01:03","modified_gmt":"2021-12-06T10:01:03","slug":"konkurs-swiateczny-6-grudnia-iossi-aksamitna-roza","status":"publish","type":"post","link":"https:\/\/www.bellateca.pl\/?p=1716","title":{"rendered":"KONKURS \u015aWI\u0104TECZNY 6 grudnia IOSSI Aksamitna R\u00f3\u017ca"},"content":{"rendered":"\n<p>Ten krem uwielbiaj\u0105 fanki marki IOSSI. Bo poza zapachem, kt\u00f3ry jest cudowny, sk\u0142ad bogaty i skuteczny. Jest acerola, kadzid\u0142owiec, alga&#8230; A w dodatku krem ten jest <meta charset=\"utf-8\">w 98,9% naturalny, a jego sk\u0142adniki w 30.3% pochodz\u0105 z certyfikowanych upraw organicznych. <\/p>\n\n\n\n<p>Krem Aksamitna R\u00f3\u017ca nawil\u017ca, uelastycznia i mocno od\u017cywia sk\u00f3r\u0119. To po\u0142\u0105czenie pi\u0119knego, relaksuj\u0105cego zapachu oraz kuracji przeciwzmarszkowej. Kosmetyk zosta\u0142 opracowany tak, by wspiera\u0107 naturaln\u0105 regeneracj\u0119 naszej sk\u00f3ry, a jednocze\u015bnie redukowa\u0107 drobne linie zmarszczek. Przyda si\u0119 m\u0142odszym i starszym.<\/p>\n\n\n\n<figure class=\"wp-block-image size-full\"><img loading=\"lazy\" width=\"500\" height=\"500\" src=\"https:\/\/www.bellateca.pl\/wp-content\/uploads\/2021\/12\/iossi-krem-ro\u0301z\u0307a.jpg\" alt=\"\" class=\"wp-image-1717\" srcset=\"https:\/\/www.bellateca.pl\/wp-content\/uploads\/2021\/12\/iossi-krem-ro\u0301z\u0307a.jpg 500w, https:\/\/www.bellateca.pl\/wp-content\/uploads\/2021\/12\/iossi-krem-ro\u0301z\u0307a-300x300.jpg 300w, https:\/\/www.bellateca.pl\/wp-content\/uploads\/2021\/12\/iossi-krem-ro\u0301z\u0307a-150x150.jpg 150w\" sizes=\"(max-width: 500px) 100vw, 500px\" \/><\/figure>\n\n\n\n<p>A wyj\u0105tkowe dzia\u0142anie zawdzi\u0119cza \u00f3w cudowny krem bogactwu zastosowanych sk\u0142adnik\u00f3w naturalnych. Ekstrakt z aceroli dzia\u0142a przeciwutleniaj\u0105co i rozja\u015bniaj\u0105co. Ekstrakt z algi brunatnej zwi\u0119ksza syntez\u0119 i sieciowanie kolagenu i elastyny. Olejek z kadzid\u0142owca spowalnia procesy starzenia si\u0119 sk\u00f3ry. Lanolina dzia\u0142a nawil\u017caj\u0105co i przeciwzmarszczkowo. Wch\u0142ania si\u0119 bardzo dobrze. Jest lekki i naprawd\u0119 niesamowicie przyjemny w stosowaniu. A to wa\u017cne, bo wci\u0105\u017c chce si\u0119 nam po niego si\u0119ga\u0107!<\/p>\n\n\n\n<p>Co zatem zrobi\u0107, by go wygra\u0107? Wystarczy, \u017ce udost\u0119pnicie na FB i IG nasz post i napiszecie nam w mailu na adres agnieszka@bellateca.pl jaki najpi\u0119kniejszy prezent dostali\u015bcie w ca\u0142ym waszym \u017cyciu! To mog\u0105 by\u0107 przedmioty, ale mog\u0105 by\u0107 te\u017c chwile! Na odpowiedzi b\u0119dziemy czeka\u0107 przez trzy dni od daty wrzucenia postu z kolejn\u0105 gwiazdkow\u0105 niespodziank\u0105.<\/p>\n\n\n\n<figure class=\"wp-block-image size-large\"><img loading=\"lazy\" width=\"1440\" height=\"1440\" src=\"https:\/\/www.bellateca.pl\/wp-content\/uploads\/2021\/12\/iossi-krem-ro\u0301z\u0307a-packshot-1440x1440.jpg\" alt=\"\" class=\"wp-image-1718\" srcset=\"https:\/\/www.bellateca.pl\/wp-content\/uploads\/2021\/12\/iossi-krem-ro\u0301z\u0307a-packshot-1440x1440.jpg 1440w, https:\/\/www.bellateca.pl\/wp-content\/uploads\/2021\/12\/iossi-krem-ro\u0301z\u0307a-packshot-300x300.jpg 300w, https:\/\/www.bellateca.pl\/wp-content\/uploads\/2021\/12\/iossi-krem-ro\u0301z\u0307a-packshot-150x150.jpg 150w, https:\/\/www.bellateca.pl\/wp-content\/uploads\/2021\/12\/iossi-krem-ro\u0301z\u0307a-packshot-1536x1536.jpg 1536w, https:\/\/www.bellateca.pl\/wp-content\/uploads\/2021\/12\/iossi-krem-ro\u0301z\u0307a-packshot-800x800.jpg 800w, https:\/\/www.bellateca.pl\/wp-content\/uploads\/2021\/12\/iossi-krem-ro\u0301z\u0307a-packshot.jpg 1772w\" sizes=\"(max-width: 1440px) 100vw, 1440px\" \/><\/figure>\n","protected":false},"excerpt":{"rendered":"<p>Ten krem uwielbiaj\u0105 fanki marki IOSSI. Bo poza zapachem, kt\u00f3ry jest cudowny, sk\u0142ad bogaty i skuteczny. Jest acerola, kadzid\u0142owiec, alga&#8230; A w dodatku krem ten jest w 98,9% naturalny, a jego sk\u0142adniki w 30.3% pochodz\u0105&hellip;<\/p>\n","protected":false},"author":1,"featured_media":0,"comment_status":"open","ping_status":"closed","sticky":false,"template":"","format":"standard","meta":{"_mi_skip_tracking":false},"categories":[609],"tags":[1456,210,1457,1458,1437,1459],"_links":{"self":[{"href":"https:\/\/www.bellateca.pl\/index.php?rest_route=\/wp\/v2\/posts\/1716"}],"collection":[{"href":"https:\/\/www.bellateca.pl\/index.php?rest_route=\/wp\/v2\/posts"}],"about":[{"href":"https:\/\/www.bellateca.pl\/index.php?rest_route=\/wp\/v2\/types\/post"}],"author":[{"embeddable":true,"href":"https:\/\/www.bellateca.pl\/index.php?rest_route=\/wp\/v2\/users\/1"}],"replies":[{"embeddable":true,"href":"https:\/\/www.bellateca.pl\/index.php?rest_route=%2Fwp%2Fv2%2Fcomments&post=1716"}],"version-history":[{"count":1,"href":"https:\/\/www.bellateca.pl\/index.php?rest_route=\/wp\/v2\/posts\/1716\/revisions"}],"predecessor-version":[{"id":1719,"href":"https:\/\/www.bellateca.pl\/index.php?rest_route=\/wp\/v2\/posts\/1716\/revisions\/1719"}],"wp:attachment":[{"href":"https:\/\/www.bellateca.pl\/index.php?rest_route=%2Fwp%2Fv2%2Fmedia&parent=1716"}],"wp:term":[{"taxonomy":"category","embeddable":true,"href":"https:\/\/www.bellateca.pl\/index.php?rest_route=%2Fwp%2Fv2%2Fcategories&post=1716"},{"taxonomy":"post_tag","embeddable":true,"href":"https:\/\/www.bellateca.pl\/index.php?rest_route=%2Fwp%2Fv2%2Ftags&post=1716"}],"curies":[{"name":"wp","href":"https:\/\/api.w.org\/{rel}","templated":true}]}}