{"id":259,"date":"2020-04-09T15:34:14","date_gmt":"2020-04-09T15:34:14","guid":{"rendered":"https:\/\/www.bellateca.pl\/?p=259"},"modified":"2020-04-09T15:34:16","modified_gmt":"2020-04-09T15:34:16","slug":"jak-wybrac-zel-antybakteryjny","status":"publish","type":"post","link":"https:\/\/www.bellateca.pl\/?p=259","title":{"rendered":"Jak wybra\u0107 \u017cel antybakteryjny"},"content":{"rendered":"\n<p>Co jest ostatnio kosmetycznym produktem pierwszej potrzeby? Oczywi\u015bcie \u017cel antybakteryjny. Pami\u0119tajcie jednak, \u017ce nie ka\u017cdy ochroni was przed koronawirusem. Czym si\u0119 kierowa\u0107 przy zakupie \u017celu, co powinien mie\u0107 w sk\u0142adzie i jak go stosowa\u0107?<\/p>\n\n\n\n<figure class=\"wp-block-gallery columns-1 is-cropped\"><ul class=\"blocks-gallery-grid\"><li class=\"blocks-gallery-item\"><figure><img loading=\"lazy\" width=\"907\" height=\"1280\" src=\"https:\/\/www.bellateca.pl\/wp-content\/uploads\/2020\/04\/hand-washing-3783004_1280.jpg\" alt=\"\" data-id=\"260\" data-full-url=\"https:\/\/www.bellateca.pl\/wp-content\/uploads\/2020\/04\/hand-washing-3783004_1280.jpg\" data-link=\"https:\/\/www.bellateca.pl\/?attachment_id=260\" class=\"wp-image-260\" srcset=\"https:\/\/www.bellateca.pl\/wp-content\/uploads\/2020\/04\/hand-washing-3783004_1280.jpg 907w, https:\/\/www.bellateca.pl\/wp-content\/uploads\/2020\/04\/hand-washing-3783004_1280-300x423.jpg 300w, https:\/\/www.bellateca.pl\/wp-content\/uploads\/2020\/04\/hand-washing-3783004_1280-800x1129.jpg 800w\" sizes=\"(max-width: 907px) 100vw, 907px\" \/><\/figure><\/li><\/ul><\/figure>\n\n\n\n<p>W naszym domu to ja, 20-latka, zawsze lubi\u0142am \u017cele antybakteryjne. OK, mo\u017ce nie mia\u0142y supermocy, ale pachnia\u0142y egzotycznymi owocami. Mia\u0142am je zawsze przy sobie. Owocowy w kieszeni, waniliowy w plecaku, imbirowy przy \u0142\u00f3\u017cku. Mama zawsze narzeka\u0142a, \u017ce nie znosi tych \u017celi bo wysuszaj\u0105 jej sk\u00f3r\u0119 d\u0142oni. My\u015bla\u0142am, \u017ce to kwestia wieku. Ot, dwadzie\u015bcia lat wi\u0119cej i od razu sucha sk\u00f3ra. Teraz jednak, kiedy zintensyfikowa\u0142am u\u017cywanie \u017celi antybakteryjnych, widz\u0119 co mia\u0142a na my\u015bli. Ale dla bezpiecze\u0144stwa \u017celujemy obie.<\/p>\n\n\n\n<figure class=\"wp-block-image size-large\"><img loading=\"lazy\" width=\"1440\" height=\"2037\" src=\"https:\/\/www.bellateca.pl\/wp-content\/uploads\/2020\/04\/AUSTOplyndorak-1-1440x2037.jpg\" alt=\"\" class=\"wp-image-264\" srcset=\"https:\/\/www.bellateca.pl\/wp-content\/uploads\/2020\/04\/AUSTOplyndorak-1-1440x2037.jpg 1440w, https:\/\/www.bellateca.pl\/wp-content\/uploads\/2020\/04\/AUSTOplyndorak-1-300x424.jpg 300w, https:\/\/www.bellateca.pl\/wp-content\/uploads\/2020\/04\/AUSTOplyndorak-1-1086x1536.jpg 1086w, https:\/\/www.bellateca.pl\/wp-content\/uploads\/2020\/04\/AUSTOplyndorak-1-1448x2048.jpg 1448w, https:\/\/www.bellateca.pl\/wp-content\/uploads\/2020\/04\/AUSTOplyndorak-1-800x1132.jpg 800w, https:\/\/www.bellateca.pl\/wp-content\/uploads\/2020\/04\/AUSTOplyndorak-1-scaled.jpg 1810w\" sizes=\"(max-width: 1440px) 100vw, 1440px\" \/><figcaption>\u017bel antybakteryjny Herla z 70% zawarto\u015bci\u0105 alkoholu.<\/figcaption><\/figure>\n\n\n\n<p><br>W domu oczywi\u015bcie podstaw\u0105 jest mycie r\u0105k &#8211; to jedna z podstawowych czynno\u015bci, kt\u00f3re sprzyjaj\u0105 ochronie przed koronawirusem. W domu myjemy d\u0142onie cz\u0119sto i dok\u0142adnie myd\u0142em. Gdy musimy jednak wyj\u015b\u0107 na dw\u00f3r, zawsze mamy ze sob\u0105 \u017cel antybakteryjny. Obecnie, czy to lubimy, czy nie, stosowanie \u017celu antybakteryjnego to podstawa codziennej higieny oraz istotny element redukuj\u0105cy ilo\u015b\u0107 drobnoustroj\u00f3w z powierzchni sk\u00f3ry.<br>Co musi by\u0107 w sk\u0142adzie \u017celu antybakteryjnego? Koronawirus SARS-CoV-2 nale\u017cy do grupy wirus\u00f3w lipofilnych, czyli jest podatny na dzia\u0142anie substancji rozpuszczaj\u0105cych lipidy, np. alkoholu. Dlatego to w\u0142a\u015bnie alkohol musi znale\u017a\u0107 si\u0119 w sk\u0142adzie \u017celu. Produkt musi zawiera\u0107 alkohol o st\u0119\u017ceniu min. 60%. Nie mo\u017ce ono jednak by\u0107 te\u017c zbyt wysokie (powy\u017cej 80%), gdy\u017c wtedy \u017cel b\u0119dzie bardzo wysusza\u0142 sk\u00f3r\u0119, doprowadzaj\u0105c do jej podra\u017cnienia. Mo\u017ce w\u0142a\u015bnie takie stosowa\u0142a mama? A mo\u017ce ma prostu delikatn\u0105 sk\u00f3r\u0119? Od niedawna u\u017cywa antybakteryjnego emolientu marki Dermedic i sporadycznie \u017celu z pantenolem i alantoin\u0105 Floslek. Ju\u017c nie narzeka \u2013 czyli kluczem s\u0105 inne sk\u0142adniki \u017celu i myd\u0142a, kt\u00f3re piel\u0119gnuj\u0105 sk\u00f3r\u0119 i zapobiegaj\u0105 jej wysuszeniu.<\/p>\n\n\n\n<figure class=\"wp-block-image size-large\"><img loading=\"lazy\" width=\"1440\" height=\"1836\" src=\"https:\/\/www.bellateca.pl\/wp-content\/uploads\/2020\/04\/dermedic-1-1440x1836.jpg\" alt=\"\" class=\"wp-image-265\" srcset=\"https:\/\/www.bellateca.pl\/wp-content\/uploads\/2020\/04\/dermedic-1-1440x1836.jpg 1440w, https:\/\/www.bellateca.pl\/wp-content\/uploads\/2020\/04\/dermedic-1-300x382.jpg 300w, https:\/\/www.bellateca.pl\/wp-content\/uploads\/2020\/04\/dermedic-1-1205x1536.jpg 1205w, https:\/\/www.bellateca.pl\/wp-content\/uploads\/2020\/04\/dermedic-1-1607x2048.jpg 1607w, https:\/\/www.bellateca.pl\/wp-content\/uploads\/2020\/04\/dermedic-1-800x1020.jpg 800w, https:\/\/www.bellateca.pl\/wp-content\/uploads\/2020\/04\/dermedic-1-scaled.jpg 2008w\" sizes=\"(max-width: 1440px) 100vw, 1440px\" \/><figcaption>Dermedic &#8211; emolient, kt\u00f3ry nie podra\u017cnia.<\/figcaption><\/figure>\n\n\n\n<p><br>Jak stosowa\u0107 \u017cel? Wa\u017cne, \u017ce \u017cele antybakteryjne s\u0105 mocno skoncentrowane i dlatego wystarczy niewielka ich ilo\u015b\u0107, aby skutecznie odkazi\u0107 d\u0142onie. Wi\u0119ksza kropla, lub jedna doza, je\u015bli mamy opakowanie z pompk\u0105. Rozprowadzamy go r\u00f3wnomiernie i dok\u0142adnie na d\u0142oniach, aby \u017cel dotar\u0142 w ka\u017cdy zakamarek nask\u00f3rka. To naprawd\u0119 wa\u017cne, poniewa\u017c r\u0119kami dotykamy ka\u017cdego dnia setek r\u00f3\u017cnych przedmiot\u00f3w i\u2026 w\u0142asnej twarzy. A b\u0142ony \u015bluzowe nosa to jedna z najprostszych dr\u00f3g przenoszenia chor\u00f3b zaka\u017anych. Dlatego cz\u0119ste mycie i odka\u017canie d\u0142oni jest tak wa\u017cne.<\/p>\n\n\n\n<figure class=\"wp-block-image size-large\"><img loading=\"lazy\" width=\"1440\" height=\"1662\" src=\"https:\/\/www.bellateca.pl\/wp-content\/uploads\/2020\/04\/AUSTO-chusteczka-Joanna-1440x1662.png\" alt=\"\" class=\"wp-image-263\" srcset=\"https:\/\/www.bellateca.pl\/wp-content\/uploads\/2020\/04\/AUSTO-chusteczka-Joanna-1440x1662.png 1440w, https:\/\/www.bellateca.pl\/wp-content\/uploads\/2020\/04\/AUSTO-chusteczka-Joanna-300x346.png 300w, https:\/\/www.bellateca.pl\/wp-content\/uploads\/2020\/04\/AUSTO-chusteczka-Joanna-1331x1536.png 1331w, https:\/\/www.bellateca.pl\/wp-content\/uploads\/2020\/04\/AUSTO-chusteczka-Joanna-800x924.png 800w, https:\/\/www.bellateca.pl\/wp-content\/uploads\/2020\/04\/AUSTO-chusteczka-Joanna.png 1535w\" sizes=\"(max-width: 1440px) 100vw, 1440px\" \/><figcaption>Idealna w podr\u00f3\u017cy, chusteczka polskiej firmy Joanna.<\/figcaption><\/figure>\n\n\n\n<p><br>\u00a0<br>Odkry\u0142y\u015bmy te\u017c co\u015b jeszcze wygodniejszego! Na przyk\u0142ad do samochodu. To od\u015bwie\u017caj\u0105ce chusteczki do r\u0105k nas\u0105czone 65% alkoholem, kt\u00f3re oczyszczaj\u0105 i odka\u017caj\u0105 d\u0142onie r\u00f3wnie skutecznie, jak woda i myd\u0142o. A dodatkowo s\u0105 te\u017c \u0142agodne i bezpieczne dla sk\u00f3ry. Je\u015bli nie ma mo\u017cliwo\u015bci umycia d\u0142oni, wystarczy dok\u0142adnie wytrze\u0107 je chusteczk\u0105, przecieraj\u0105c osobno ka\u017cdy palec i przestrzenie mi\u0119dzy nimi. Teraz nie ma szans na wym\u00f3wki. Otaczaj\u0105 nas dobre, skuteczne i bezpieczne produkty. Takie czasy \u2013 trzeba odka\u017ca\u0107 d\u0142onie.<br>\u00a0<\/p>\n\n\n\n<p><\/p>\n","protected":false},"excerpt":{"rendered":"<p>Co jest ostatnio kosmetycznym produktem pierwszej potrzeby? Oczywi\u015bcie \u017cel antybakteryjny. Pami\u0119tajcie jednak, \u017ce nie ka\u017cdy ochroni was przed koronawirusem. Czym si\u0119 kierowa\u0107 przy zakupie \u017celu, co powinien mie\u0107 w sk\u0142adzie i jak go stosowa\u0107? W&hellip;<\/p>\n","protected":false},"author":1,"featured_media":0,"comment_status":"open","ping_status":"closed","sticky":false,"template":"","format":"standard","meta":{"_mi_skip_tracking":false},"categories":[8,86],"tags":[274,81,272,273,268,275,271,269,270],"_links":{"self":[{"href":"https:\/\/www.bellateca.pl\/index.php?rest_route=\/wp\/v2\/posts\/259"}],"collection":[{"href":"https:\/\/www.bellateca.pl\/index.php?rest_route=\/wp\/v2\/posts"}],"about":[{"href":"https:\/\/www.bellateca.pl\/index.php?rest_route=\/wp\/v2\/types\/post"}],"author":[{"embeddable":true,"href":"https:\/\/www.bellateca.pl\/index.php?rest_route=\/wp\/v2\/users\/1"}],"replies":[{"embeddable":true,"href":"https:\/\/www.bellateca.pl\/index.php?rest_route=%2Fwp%2Fv2%2Fcomments&post=259"}],"version-history":[{"count":1,"href":"https:\/\/www.bellateca.pl\/index.php?rest_route=\/wp\/v2\/posts\/259\/revisions"}],"predecessor-version":[{"id":266,"href":"https:\/\/www.bellateca.pl\/index.php?rest_route=\/wp\/v2\/posts\/259\/revisions\/266"}],"wp:attachment":[{"href":"https:\/\/www.bellateca.pl\/index.php?rest_route=%2Fwp%2Fv2%2Fmedia&parent=259"}],"wp:term":[{"taxonomy":"category","embeddable":true,"href":"https:\/\/www.bellateca.pl\/index.php?rest_route=%2Fwp%2Fv2%2Fcategories&post=259"},{"taxonomy":"post_tag","embeddable":true,"href":"https:\/\/www.bellateca.pl\/index.php?rest_route=%2Fwp%2Fv2%2Ftags&post=259"}],"curies":[{"name":"wp","href":"https:\/\/api.w.org\/{rel}","templated":true}]}}