{"id":2803,"date":"2023-10-04T16:03:16","date_gmt":"2023-10-04T16:03:16","guid":{"rendered":"https:\/\/www.bellateca.pl\/?p=2803"},"modified":"2023-10-04T16:03:17","modified_gmt":"2023-10-04T16:03:17","slug":"po-co-nam-serum-a-szczegolnie-to-ananasowe","status":"publish","type":"post","link":"https:\/\/www.bellateca.pl\/?p=2803","title":{"rendered":"Po co nam serum? A szczeg\u00f3lnie to ananasowe?"},"content":{"rendered":"\n<p>Serum to co\u015b wi\u0119cej i lepiej ni\u017c klasyczny krem. Ma zwykle wysokie st\u0119\u017cenia sk\u0142adnik\u00f3w aktywnych, ale szcz\u0119\u015bliwie &#8211; lekk\u0105 konsystencj\u0119. Cz\u0119sto bywa wodne lub \u017celowe. Oczywi\u015bcie zdarzaj\u0105 si\u0119 niezwykle bogate kremy, ale te przeci\u0119tne, mo\u017cemy spokojnie wzbogaci\u0107 o serum. Kiedy\u015b serum stosowa\u0142o si\u0119 tylko pod krem, dzi\u015b niekiedy mamy ju\u017c takie preparaty, kt\u00f3re nie wymagaj\u0105 towarzystwa. To jednak zawsze nale\u017cy sprawdzi\u0107. Je\u015bli nie ma informacji, \u017ce kremie jest wymagany, stosujemy go jako pierwszy kosmetyk po oczyszczaniu. Poniewa\u017c serum ma zwykle l\u017cejsz\u0105 konsystencj\u0119 ni\u017c krem, nak\u0142adamy je na sk\u00f3r\u0119 jako pierwsze, by jego bogate sk\u0142adniki mog\u0142y si\u0119 spokojnie wch\u0142on\u0105\u0107. Zadzia\u0142a jak idealna regeneracja, tak bardzo potrzebna nam w czasach zanieczyszczonego powietrza. Na serum nak\u0142adamy krem (najlepiej z filtrem). <\/p>\n\n\n\n<figure class=\"wp-block-image size-large\"><img loading=\"lazy\" width=\"1440\" height=\"1699\" src=\"https:\/\/www.bellateca.pl\/wp-content\/uploads\/2023\/10\/tolpa-ananas2-1440x1699.jpg\" alt=\"\" class=\"wp-image-2804\" srcset=\"https:\/\/www.bellateca.pl\/wp-content\/uploads\/2023\/10\/tolpa-ananas2-1440x1699.jpg 1440w, https:\/\/www.bellateca.pl\/wp-content\/uploads\/2023\/10\/tolpa-ananas2-300x354.jpg 300w, https:\/\/www.bellateca.pl\/wp-content\/uploads\/2023\/10\/tolpa-ananas2-1302x1536.jpg 1302w, https:\/\/www.bellateca.pl\/wp-content\/uploads\/2023\/10\/tolpa-ananas2-800x944.jpg 800w, https:\/\/www.bellateca.pl\/wp-content\/uploads\/2023\/10\/tolpa-ananas2.jpg 1512w\" sizes=\"(max-width: 1440px) 100vw, 1440px\" \/><figcaption>Cudnie przyjemne w u\u017cywaniu \u017celowe serum nawil\u017caj\u0105ce marki To\u0142pa<\/figcaption><\/figure>\n\n\n\n<p>Czy na codzie\u0144?<\/p>\n\n\n\n<p>Serum jest kosmetykiem do zada\u0144 specjalnych, a jego aktywne sk\u0142adniki maj\u0105 nam pom\u00f3c w przypadku konkretnych problem\u00f3w. Oczywi\u015bcie, z wiekiem nasza sk\u00f3ra wymaga intensywnej opieki i specjalistycznej piel\u0119gnacji szytej dok\u0142adniej na jej miar\u0119. Czyli na codzie\u0144. Nie zawsze, ale cz\u0119sto. W okresie przesuszenia, burzy hormonalnej, w okresie jesienno-zimowym. Dla os\u00f3b pragn\u0105cych spowolni\u0107 procesy starzenia, serum powinno mie\u0107 sk\u0142adniki zwi\u0119kszaj\u0105ce produkcj\u0119 kolagenu. Wtedy te\u017c lepiej \u0142\u0105czy\u0107 je z lipidowym i koj\u0105cym kremem. Je\u017celi sk\u00f3ra jest m\u0142oda i zdrowa, mo\u017cna j\u0105 wzmacnia\u0107 kuracj\u0105 opart\u0105 na serum, indywidualnie dobieraj\u0105c sk\u0142adniki do jej potrzeb.  Najlepiej zbadanym i posiadaj\u0105cym najwi\u0119cej bada\u0144 naukowych sk\u0142adnikiem jest oczywi\u015bcie retinol, kt\u00f3ry mo\u017ce lekko podra\u017cnia\u0107, dlatego wprowadzamy go do piel\u0119gnacji sukcesywnie.<\/p>\n\n\n\n<figure class=\"wp-block-image size-large\"><img loading=\"lazy\" width=\"1440\" height=\"1850\" src=\"https:\/\/www.bellateca.pl\/wp-content\/uploads\/2023\/10\/tolpa-ananas-1-1440x1850.jpg\" alt=\"\" class=\"wp-image-2805\" srcset=\"https:\/\/www.bellateca.pl\/wp-content\/uploads\/2023\/10\/tolpa-ananas-1-1440x1850.jpg 1440w, https:\/\/www.bellateca.pl\/wp-content\/uploads\/2023\/10\/tolpa-ananas-1-300x385.jpg 300w, https:\/\/www.bellateca.pl\/wp-content\/uploads\/2023\/10\/tolpa-ananas-1-1196x1536.jpg 1196w, https:\/\/www.bellateca.pl\/wp-content\/uploads\/2023\/10\/tolpa-ananas-1-800x1028.jpg 800w, https:\/\/www.bellateca.pl\/wp-content\/uploads\/2023\/10\/tolpa-ananas-1.jpg 1511w\" sizes=\"(max-width: 1440px) 100vw, 1440px\" \/><figcaption>Enzymy, witamina E, kwasy Omega&#8230; czyli serum nawil\u017caj\u0105ce To\u0142pa<\/figcaption><\/figure>\n\n\n\n<p>Moje lato by\u0142o intensywne, w tym roku, oczywi\u015bcie pami\u0119taj\u0105c o filtrach, nie stroni\u0142am od s\u0142o\u0144ca. Nagrzewa\u0142am si\u0119 i wch\u0142ania\u0142am jego promienie. Efekt? Przesuszona sk\u00f3ra. Dlatego od pocz\u0105tku jesieni stosuj\u0119 serum nawil\u017caj\u0105ce. W dodatku takie, kt\u00f3re jest soczyste jak samo lato, czyli Enzymatyczne Serum Nawil\u017caj\u0105ce To\u0142pa. Jak dzia\u0142a to cudo? Dzi\u0119ki codziennemu, enzymatycznemu mikroz\u0142uszczaniu, eliminuje zrogowacia\u0142y nask\u00f3rek oraz drobne zask\u00f3rniki, co jednocze\u015bnie pot\u0119guje dzia\u0142anie nawil\u017caj\u0105ce kwas\u00f3w omega 3,6,9 i wit. E. Wyg\u0142adza sk\u00f3r\u0119 i dodaje jej blasku. <\/p>\n\n\n\n<figure class=\"wp-block-image size-large\"><img loading=\"lazy\" width=\"1440\" height=\"1628\" src=\"https:\/\/www.bellateca.pl\/wp-content\/uploads\/2023\/10\/tolpa-ananas3-1440x1628.jpg\" alt=\"\" class=\"wp-image-2806\" srcset=\"https:\/\/www.bellateca.pl\/wp-content\/uploads\/2023\/10\/tolpa-ananas3-1440x1628.jpg 1440w, https:\/\/www.bellateca.pl\/wp-content\/uploads\/2023\/10\/tolpa-ananas3-300x339.jpg 300w, https:\/\/www.bellateca.pl\/wp-content\/uploads\/2023\/10\/tolpa-ananas3-1359x1536.jpg 1359w, https:\/\/www.bellateca.pl\/wp-content\/uploads\/2023\/10\/tolpa-ananas3-800x904.jpg 800w, https:\/\/www.bellateca.pl\/wp-content\/uploads\/2023\/10\/tolpa-ananas3.jpg 1512w\" sizes=\"(max-width: 1440px) 100vw, 1440px\" \/><figcaption>To serum z pewno\u015bci\u0105 zu\u017cyj\u0119 do ostatniej kropelki<\/figcaption><\/figure>\n\n\n\n<p>Serum ma ciekaw\u0105 formu\u0142\u0119. Aktywuje si\u0119 na sk\u00f3rze w momencie aplikacji, poprzez roztarcie mikrokuleczek i po\u0142\u0105czenie ich z faz\u0105 \u017celow\u0105. Szybko si\u0119 wch\u0142ania i nie pozostawia lepkiej warstwy. Te mikrokuleczki, podczas pocierania, uwalniaj\u0105 witamin\u0119 E, a w fazie \u017celowej czekaj\u0105 kwasy omega i enzym. Ca\u0142a owocowa linia To\u0142py jest \u015bwietna. Nied\u0142ugo poka\u017c\u0119 wam z tej linii co\u015b, co jest dla mnie odkryciem miesi\u0105ca. Niebawem&#8230;<\/p>\n","protected":false},"excerpt":{"rendered":"<p>Serum to co\u015b wi\u0119cej i lepiej ni\u017c klasyczny krem. Ma zwykle wysokie st\u0119\u017cenia sk\u0142adnik\u00f3w aktywnych, ale szcz\u0119\u015bliwie &#8211; lekk\u0105 konsystencj\u0119. Cz\u0119sto bywa wodne lub \u017celowe. Oczywi\u015bcie zdarzaj\u0105 si\u0119 niezwykle bogate kremy, ale te przeci\u0119tne, mo\u017cemy&hellip;<\/p>\n","protected":false},"author":1,"featured_media":0,"comment_status":"open","ping_status":"closed","sticky":false,"template":"","format":"standard","meta":{"_mi_skip_tracking":false},"categories":[8],"tags":[2296,2297,19,72,24,88,2295],"_links":{"self":[{"href":"https:\/\/www.bellateca.pl\/index.php?rest_route=\/wp\/v2\/posts\/2803"}],"collection":[{"href":"https:\/\/www.bellateca.pl\/index.php?rest_route=\/wp\/v2\/posts"}],"about":[{"href":"https:\/\/www.bellateca.pl\/index.php?rest_route=\/wp\/v2\/types\/post"}],"author":[{"embeddable":true,"href":"https:\/\/www.bellateca.pl\/index.php?rest_route=\/wp\/v2\/users\/1"}],"replies":[{"embeddable":true,"href":"https:\/\/www.bellateca.pl\/index.php?rest_route=%2Fwp%2Fv2%2Fcomments&post=2803"}],"version-history":[{"count":1,"href":"https:\/\/www.bellateca.pl\/index.php?rest_route=\/wp\/v2\/posts\/2803\/revisions"}],"predecessor-version":[{"id":2807,"href":"https:\/\/www.bellateca.pl\/index.php?rest_route=\/wp\/v2\/posts\/2803\/revisions\/2807"}],"wp:attachment":[{"href":"https:\/\/www.bellateca.pl\/index.php?rest_route=%2Fwp%2Fv2%2Fmedia&parent=2803"}],"wp:term":[{"taxonomy":"category","embeddable":true,"href":"https:\/\/www.bellateca.pl\/index.php?rest_route=%2Fwp%2Fv2%2Fcategories&post=2803"},{"taxonomy":"post_tag","embeddable":true,"href":"https:\/\/www.bellateca.pl\/index.php?rest_route=%2Fwp%2Fv2%2Ftags&post=2803"}],"curies":[{"name":"wp","href":"https:\/\/api.w.org\/{rel}","templated":true}]}}