{"id":2808,"date":"2023-10-09T20:58:15","date_gmt":"2023-10-09T20:58:15","guid":{"rendered":"https:\/\/www.bellateca.pl\/?p=2808"},"modified":"2023-10-09T21:05:01","modified_gmt":"2023-10-09T21:05:01","slug":"carmina-wcale-nie-burana-czyli-nowy-cudowny-zapach-creed","status":"publish","type":"post","link":"https:\/\/www.bellateca.pl\/?p=2808","title":{"rendered":"Carmina wcale nie burana czyli nowy cudowny zapach Creed"},"content":{"rendered":"\n<p>Idzie zima. Znowu zakocha\u0142am si\u0119 w ciep\u0142ym otulaj\u0105cym zapachu r\u00f3\u017cy, pi\u017cma i drzew. Carmina marki Creed od razu zatrzymuje. Jest totalnie soczysta i zmys\u0142owa. Bardzo kobieca. Fioletowy flakon w ka\u017cdym \u015bwietle wygl\u0105da nieco inaczej. Sam zapach najpierw pokazuje \u015bwie\u017ce i soczyste oblicze (nutami g\u0142owy s\u0105 r\u00f3\u017cowy pieprz, czere\u015bnia i szafran), potem \u0142agodnieje (w sercu jest r\u00f3\u017ca, piwonia, fio\u0142ek i drzewo kaszmirowe) a na koniec, w nucie bazy, pokazuje swoje powa\u017cne, zimowe oblicze i wtedy w\u0142a\u015bnie otwiera si\u0119 przed nami mirra, pi\u017cmo, ambroksan i kadzid\u0142o.<\/p>\n\n\n\n<figure class=\"wp-block-image size-large\"><img loading=\"lazy\" width=\"1440\" height=\"810\" src=\"https:\/\/www.bellateca.pl\/wp-content\/uploads\/2023\/10\/CREED-Carmina_glo\u0301wny-wizual-1440x810.jpg\" alt=\"\" class=\"wp-image-2809\" srcset=\"https:\/\/www.bellateca.pl\/wp-content\/uploads\/2023\/10\/CREED-Carmina_glo\u0301wny-wizual-1440x810.jpg 1440w, https:\/\/www.bellateca.pl\/wp-content\/uploads\/2023\/10\/CREED-Carmina_glo\u0301wny-wizual-300x169.jpg 300w, https:\/\/www.bellateca.pl\/wp-content\/uploads\/2023\/10\/CREED-Carmina_glo\u0301wny-wizual-1536x864.jpg 1536w, https:\/\/www.bellateca.pl\/wp-content\/uploads\/2023\/10\/CREED-Carmina_glo\u0301wny-wizual-2048x1152.jpg 2048w, https:\/\/www.bellateca.pl\/wp-content\/uploads\/2023\/10\/CREED-Carmina_glo\u0301wny-wizual-800x450.jpg 800w\" sizes=\"(max-width: 1440px) 100vw, 1440px\" \/><figcaption>Carmina marki Creed<\/figcaption><\/figure>\n\n\n\n<p>Totalnie podoba mi si\u0119 ten zapach. Dawno nie mia\u0142am takiego perfumowego zauroczenia. Czuj\u0119 te\u017c, \u017ce Carmina po prostu do mnie pasuje. Mam w sobie i t\u0119 r\u00f3\u017c\u0119, i fio\u0142ek i kadzid\u0142o. A \u017ce inspiracj\u0105 dla stworzenia tego zapachu sta\u0142y si\u0119 szkicowniki Henry&#8217;ego Creeda, przekazywane s\u0105 w rodzinie Creed\u00f3w od pokole\u0144, w kt\u00f3rych pe\u0142no ciekawych kobiet, rozumiem sk\u0105d to poczucie. <\/p>\n\n\n\n<figure class=\"wp-block-image size-large\"><img loading=\"lazy\" width=\"1440\" height=\"1920\" src=\"https:\/\/www.bellateca.pl\/wp-content\/uploads\/2023\/10\/CREED-Carmina_wizual-3-1440x1920.jpg\" alt=\"\" class=\"wp-image-2810\" srcset=\"https:\/\/www.bellateca.pl\/wp-content\/uploads\/2023\/10\/CREED-Carmina_wizual-3-1440x1920.jpg 1440w, https:\/\/www.bellateca.pl\/wp-content\/uploads\/2023\/10\/CREED-Carmina_wizual-3-300x400.jpg 300w, https:\/\/www.bellateca.pl\/wp-content\/uploads\/2023\/10\/CREED-Carmina_wizual-3-1152x1536.jpg 1152w, https:\/\/www.bellateca.pl\/wp-content\/uploads\/2023\/10\/CREED-Carmina_wizual-3-1536x2048.jpg 1536w, https:\/\/www.bellateca.pl\/wp-content\/uploads\/2023\/10\/CREED-Carmina_wizual-3-800x1067.jpg 800w, https:\/\/www.bellateca.pl\/wp-content\/uploads\/2023\/10\/CREED-Carmina_wizual-3.jpg 1728w\" sizes=\"(max-width: 1440px) 100vw, 1440px\" \/><figcaption>Creed i jego Carmina w ciep\u0142ym \u015bwietle lamp<\/figcaption><\/figure>\n\n\n\n<p>Perfumy Carmina oddawa\u0107 maj\u0105 ducha odwa\u017cnych i pe\u0142nych pasji kobiet, kt\u00f3rych wizerunki zape\u0142niaj\u0105 owe s\u0142ynne szkicowniki \u2013 \u017c\u0105dnych przyg\u00f3d bohaterek gotowych na kolejne wyzwania. Czy to nie jest o mnie? Pragn\u0119 do\u015bwiadcze\u0144 i prze\u017cy\u0107. Co wa\u017cne &#8211; wcale nie mi\u0142osnych &#8211; dlatego w tytule napisa\u0142am, \u017ce nie jest to &#8222;Carmina burana&#8221;, s\u0142ynny trzynastowieczny zbi\u00f3r \u015bwieckich pie\u015bni i poezji mi\u0142osnych. Co prawda uwielbiam dzie\u0142o, kt\u00f3re na ich podstawie skomponowa\u0142 w XX wieku Carl Orff, ale nie taka Carmina gra mi w duszy. Raczej ta ze szkicownik\u00f3w rodziny Creed\u00f3w. Przygoda, zachwyt, podr\u00f3\u017c w nieznane. Taki to w\u0142a\u015bnie jest zapach.<\/p>\n\n\n\n<figure class=\"wp-block-image size-full\"><img loading=\"lazy\" width=\"1117\" height=\"1561\" src=\"https:\/\/www.bellateca.pl\/wp-content\/uploads\/2023\/10\/Carmina-AP.jpg\" alt=\"\" class=\"wp-image-2811\" srcset=\"https:\/\/www.bellateca.pl\/wp-content\/uploads\/2023\/10\/Carmina-AP.jpg 1117w, https:\/\/www.bellateca.pl\/wp-content\/uploads\/2023\/10\/Carmina-AP-300x419.jpg 300w, https:\/\/www.bellateca.pl\/wp-content\/uploads\/2023\/10\/Carmina-AP-1099x1536.jpg 1099w, https:\/\/www.bellateca.pl\/wp-content\/uploads\/2023\/10\/Carmina-AP-800x1118.jpg 800w\" sizes=\"(max-width: 1117px) 100vw, 1117px\" \/><figcaption>Carmina w ch\u0142odnym \u015bwietle pa\u017adziernikowego, ch\u0142odnego dnia<\/figcaption><\/figure>\n","protected":false},"excerpt":{"rendered":"<p>Idzie zima. Znowu zakocha\u0142am si\u0119 w ciep\u0142ym otulaj\u0105cym zapachu r\u00f3\u017cy, pi\u017cma i drzew. Carmina marki Creed od razu zatrzymuje. Jest totalnie soczysta i zmys\u0142owa. Bardzo kobieca. Fioletowy flakon w ka\u017cdym \u015bwietle wygl\u0105da nieco inaczej. Sam&hellip;<\/p>\n","protected":false},"author":1,"featured_media":0,"comment_status":"open","ping_status":"closed","sticky":false,"template":"","format":"standard","meta":{"_mi_skip_tracking":false},"categories":[100],"tags":[2300,2298,2299,1723,2303,2302,2304,101,2301,646,68,1947],"_links":{"self":[{"href":"https:\/\/www.bellateca.pl\/index.php?rest_route=\/wp\/v2\/posts\/2808"}],"collection":[{"href":"https:\/\/www.bellateca.pl\/index.php?rest_route=\/wp\/v2\/posts"}],"about":[{"href":"https:\/\/www.bellateca.pl\/index.php?rest_route=\/wp\/v2\/types\/post"}],"author":[{"embeddable":true,"href":"https:\/\/www.bellateca.pl\/index.php?rest_route=\/wp\/v2\/users\/1"}],"replies":[{"embeddable":true,"href":"https:\/\/www.bellateca.pl\/index.php?rest_route=%2Fwp%2Fv2%2Fcomments&post=2808"}],"version-history":[{"count":2,"href":"https:\/\/www.bellateca.pl\/index.php?rest_route=\/wp\/v2\/posts\/2808\/revisions"}],"predecessor-version":[{"id":2813,"href":"https:\/\/www.bellateca.pl\/index.php?rest_route=\/wp\/v2\/posts\/2808\/revisions\/2813"}],"wp:attachment":[{"href":"https:\/\/www.bellateca.pl\/index.php?rest_route=%2Fwp%2Fv2%2Fmedia&parent=2808"}],"wp:term":[{"taxonomy":"category","embeddable":true,"href":"https:\/\/www.bellateca.pl\/index.php?rest_route=%2Fwp%2Fv2%2Fcategories&post=2808"},{"taxonomy":"post_tag","embeddable":true,"href":"https:\/\/www.bellateca.pl\/index.php?rest_route=%2Fwp%2Fv2%2Ftags&post=2808"}],"curies":[{"name":"wp","href":"https:\/\/api.w.org\/{rel}","templated":true}]}}