{"id":3808,"date":"2026-06-26T21:10:13","date_gmt":"2026-06-26T21:10:13","guid":{"rendered":"https:\/\/www.bellateca.pl\/?p=3808"},"modified":"2026-06-26T21:10:15","modified_gmt":"2026-06-26T21:10:15","slug":"skin-first-make-up-later-makijaz-i-pielegnacja-w-jednym","status":"publish","type":"post","link":"https:\/\/www.bellateca.pl\/?p=3808","title":{"rendered":"Skin first, make-up later! Makija\u017c i piel\u0119gnacja w jednym"},"content":{"rendered":"\n<p>Nareszcie! Kosmetyki nawet luksusowe kolorowe piel\u0119gnuj\u0105 sk\u00f3r\u0119, a nie zapychaj\u0105 jej. Uwielbiamy ten trend. Jeszcze kilka lat temu piel\u0119gnacja i makija\u017c funkcjonowa\u0142y w dw\u00f3ch odr\u0119bnych \u015bwiatach. Dzi\u015b granica mi\u0119dzy nimi coraz bardziej si\u0119 zaciera. <\/p>\n\n\n\n<p>Trend \u201eskin first, make-up later\u201d zdominowa\u0142 bran\u017c\u0119 beauty, a kobiety coraz cz\u0119\u015bciej oczekuj\u0105 od kosmetyk\u00f3w kolorowych czego\u015b wi\u0119cej ni\u017c tylko efektu wizualnego. Liczy si\u0119 zdrowa, promienna cera, a makija\u017c ma by\u0107 jej naturalnym dope\u0142nieniem.<\/p>\n\n\n\n<figure class=\"wp-block-image size-full\"><img loading=\"lazy\" width=\"864\" height=\"1080\" src=\"https:\/\/www.bellateca.pl\/wp-content\/uploads\/2026\/06\/isenbergMAKEUP.jpg.webp\" alt=\"\" class=\"wp-image-3819\" srcset=\"https:\/\/www.bellateca.pl\/wp-content\/uploads\/2026\/06\/isenbergMAKEUP.jpg.webp 864w, https:\/\/www.bellateca.pl\/wp-content\/uploads\/2026\/06\/isenbergMAKEUP.jpg-300x375.webp 300w, https:\/\/www.bellateca.pl\/wp-content\/uploads\/2026\/06\/isenbergMAKEUP.jpg-800x1000.webp 800w\" sizes=\"(max-width: 864px) 100vw, 864px\" \/><\/figure>\n\n\n\n<p><br>W ten nurt idealnie wpisuje si\u0119 nowa kolekcja <strong>Le Maquillage 2026 marki Eisenberg Paris<\/strong>, kt\u00f3ra \u0142\u0105czy makija\u017c z zaawansowan\u0105 piel\u0119gnacj\u0105 sk\u00f3ry. Historia Eisenberg zaczyna si\u0119 od Jos\u00e9 Eisenberga, przedsi\u0119biorcy i pasjonata nauki, kt\u00f3ry przez lata prowadzi\u0142 badania nad procesami starzenia si\u0119 sk\u00f3ry. Efektem jego pracy by\u0142o stworzenie autorskiej Formu\u0142y Trio-Molecular\u00ae, stanowi\u0105cej do dzi\u015b fundament piel\u0119gnacyjnego DNA marki. To w\u0142a\u015bnie na po\u0142\u0105czeniu innowacji, nauki i luksusu Eisenberg zbudowa\u0142 swoj\u0105 pozycj\u0119 w \u015bwiecie beauty.<\/p>\n\n\n\n<figure class=\"wp-block-image size-large\"><img loading=\"lazy\" width=\"1440\" height=\"1440\" src=\"https:\/\/www.bellateca.pl\/wp-content\/uploads\/2026\/06\/Luminous-Drop-Elixir-texture-01-1440x1440.jpg\" alt=\"\" class=\"wp-image-3821\" srcset=\"https:\/\/www.bellateca.pl\/wp-content\/uploads\/2026\/06\/Luminous-Drop-Elixir-texture-01-1440x1440.jpg 1440w, https:\/\/www.bellateca.pl\/wp-content\/uploads\/2026\/06\/Luminous-Drop-Elixir-texture-01-300x300.jpg 300w, https:\/\/www.bellateca.pl\/wp-content\/uploads\/2026\/06\/Luminous-Drop-Elixir-texture-01-150x150.jpg 150w, https:\/\/www.bellateca.pl\/wp-content\/uploads\/2026\/06\/Luminous-Drop-Elixir-texture-01-1536x1536.jpg 1536w, https:\/\/www.bellateca.pl\/wp-content\/uploads\/2026\/06\/Luminous-Drop-Elixir-texture-01-2048x2048.jpg 2048w, https:\/\/www.bellateca.pl\/wp-content\/uploads\/2026\/06\/Luminous-Drop-Elixir-texture-01-800x800.jpg 800w\" sizes=\"(max-width: 1440px) 100vw, 1440px\" \/><figcaption>Nasz ulubieniec &#8211; Luminous Drop Elixir. Fot. Materia\u0142y Prasowe<\/figcaption><\/figure>\n\n\n\n<p><br>Dzi\u015b marka pozostaje wierna tej filozofii, rozwijaj\u0105c produkty, kt\u00f3re nie tylko upi\u0119kszaj\u0105, ale r\u00f3wnie\u017c wspieraj\u0105 kondycj\u0119 sk\u00f3ry. Nowa kolekcja Le Maquillage 2026 zosta\u0142a stworzona z my\u015bl\u0105 o kobietach, kt\u00f3re chc\u0105 osi\u0105gn\u0105\u0107 efekt naturalnej, zdrowo wygl\u0105daj\u0105cej cery bez ci\u0119\u017ckiego krycia. Ka\u017cdy produkt zawiera sk\u0142adniki aktywne wspieraj\u0105ce sk\u00f3r\u0119, a formu\u0142y zosta\u0142y opracowane tak, by zapewnia\u0107 komfort noszenia przez ca\u0142y dzie\u0144.<br>W\u015br\u00f3d nowo\u015bci znalaz\u0142 si\u0119 roz\u015bwietlaj\u0105cy Luminous Drop Elixir (nasz faworyt!), kt\u00f3ry przygotowuje sk\u00f3r\u0119 do makija\u017cu i nadaje jej zdrowy blask, a tak\u017ce Flawless Serum Foundation \u2013 podk\u0142ad-serum zapewniaj\u0105cy efekt \u201edrugiej sk\u00f3ry\u201d. Osoby szukaj\u0105ce wi\u0119kszego krycia mog\u0105 si\u0119gn\u0105\u0107 po J.E. Face Designer, czyli podk\u0142ad-serum nowej generacji wzbogacony o peptydy i kwas hialuronowy.<\/p>\n\n\n\n<figure class=\"wp-block-image size-full\"><img loading=\"lazy\" width=\"1080\" height=\"1080\" src=\"https:\/\/www.bellateca.pl\/wp-content\/uploads\/2026\/06\/Luminous-Drop-Elixir-model.jpg\" alt=\"\" class=\"wp-image-3822\" srcset=\"https:\/\/www.bellateca.pl\/wp-content\/uploads\/2026\/06\/Luminous-Drop-Elixir-model.jpg 1080w, https:\/\/www.bellateca.pl\/wp-content\/uploads\/2026\/06\/Luminous-Drop-Elixir-model-300x300.jpg 300w, https:\/\/www.bellateca.pl\/wp-content\/uploads\/2026\/06\/Luminous-Drop-Elixir-model-150x150.jpg 150w, https:\/\/www.bellateca.pl\/wp-content\/uploads\/2026\/06\/Luminous-Drop-Elixir-model-800x800.jpg 800w\" sizes=\"(max-width: 1080px) 100vw, 1080px\" \/><figcaption>Luminous Drop Elixir. Fot. Materia\u0142y prasowe<\/figcaption><\/figure>\n\n\n\n<p>Co jeszcze? Kremowy r\u00f3\u017c J.E. Blush, puder br\u0105zuj\u0105cy J.E. Sunlit Bliss Sun Powder czy roz\u015bwietlacz J.E. Divine pozwalaj\u0105 budowa\u0107 efekt sk\u00f3ry mu\u015bni\u0119tej s\u0142o\u0144cem, kt\u00f3ry pozostaje jednym z najwa\u017cniejszych trend\u00f3w makija\u017cowych ostatnich sezon\u00f3w.<br><br>Le Maquillage 2026 jest odpowiedzi\u0105 na wsp\u00f3\u0142czesne podej\u015bcie do pi\u0119kna. Zamiast maskowania niedoskona\u0142o\u015bci proponuje podkre\u015blanie naturalnych atut\u00f3w. Zamiast ci\u0119\u017ckich formu\u0142 \u2013 lekkie tekstury i piel\u0119gnacyjne sk\u0142adniki. Zamiast perfekcji \u2013 \u015bwie\u017co\u015b\u0107, blask i autentyczno\u015b\u0107.<br>To w\u0142a\u015bnie dlatego nowa kolekcja Eisenberg trafia w sam \u015brodek trendu \u201eskin first, make-up later\u201d. Bo dzi\u015b najlepszy makija\u017c nie zaczyna si\u0119 od podk\u0142adu. Zaczyna si\u0119 od sk\u00f3ry, kt\u00f3ra wygl\u0105da zdrowo nawet wtedy, gdy makija\u017cu jest naprawd\u0119 niewiele.<\/p>\n","protected":false},"excerpt":{"rendered":"<p>Nareszcie! Kosmetyki nawet luksusowe kolorowe piel\u0119gnuj\u0105 sk\u00f3r\u0119, a nie zapychaj\u0105 jej. Uwielbiamy ten trend. Jeszcze kilka lat temu piel\u0119gnacja i makija\u017c funkcjonowa\u0142y w dw\u00f3ch odr\u0119bnych \u015bwiatach. Dzi\u015b granica mi\u0119dzy nimi coraz bardziej si\u0119 zaciera. Trend&hellip;<\/p>\n","protected":false},"author":1,"featured_media":0,"comment_status":"open","ping_status":"closed","sticky":false,"template":"","format":"standard","meta":{"_mi_skip_tracking":false},"categories":[8,1],"tags":[565,72,24],"_links":{"self":[{"href":"https:\/\/www.bellateca.pl\/index.php?rest_route=\/wp\/v2\/posts\/3808"}],"collection":[{"href":"https:\/\/www.bellateca.pl\/index.php?rest_route=\/wp\/v2\/posts"}],"about":[{"href":"https:\/\/www.bellateca.pl\/index.php?rest_route=\/wp\/v2\/types\/post"}],"author":[{"embeddable":true,"href":"https:\/\/www.bellateca.pl\/index.php?rest_route=\/wp\/v2\/users\/1"}],"replies":[{"embeddable":true,"href":"https:\/\/www.bellateca.pl\/index.php?rest_route=%2Fwp%2Fv2%2Fcomments&post=3808"}],"version-history":[{"count":12,"href":"https:\/\/www.bellateca.pl\/index.php?rest_route=\/wp\/v2\/posts\/3808\/revisions"}],"predecessor-version":[{"id":3823,"href":"https:\/\/www.bellateca.pl\/index.php?rest_route=\/wp\/v2\/posts\/3808\/revisions\/3823"}],"wp:attachment":[{"href":"https:\/\/www.bellateca.pl\/index.php?rest_route=%2Fwp%2Fv2%2Fmedia&parent=3808"}],"wp:term":[{"taxonomy":"category","embeddable":true,"href":"https:\/\/www.bellateca.pl\/index.php?rest_route=%2Fwp%2Fv2%2Fcategories&post=3808"},{"taxonomy":"post_tag","embeddable":true,"href":"https:\/\/www.bellateca.pl\/index.php?rest_route=%2Fwp%2Fv2%2Ftags&post=3808"}],"curies":[{"name":"wp","href":"https:\/\/api.w.org\/{rel}","templated":true}]}}