{"id":496,"date":"2020-10-07T08:24:25","date_gmt":"2020-10-07T08:24:25","guid":{"rendered":"https:\/\/www.bellateca.pl\/?p=496"},"modified":"2020-10-07T08:34:05","modified_gmt":"2020-10-07T08:34:05","slug":"lesna-pielegnacja","status":"publish","type":"post","link":"https:\/\/www.bellateca.pl\/?p=496","title":{"rendered":"Le\u015bna piel\u0119gnacja"},"content":{"rendered":"\n<p>Nic nie relaksuje mnie bardziej ni\u017c zapach lasu. Ten jesienny, lekko wilgotny, sprawia, \u017ce odp\u0142ywam w marzenie, zanurzam si\u0119 we wspomnieniach. Wiem, \u017ce p\u0142yn\u0119 w romantyzm rodem z Rodziewicz\u00f3wny&#8230; ale c\u00f3\u017c. Tak w\u0142a\u015bnie dzia\u0142a na mnie las.<\/p>\n\n\n\n<figure class=\"wp-block-image size-large\"><img loading=\"lazy\" width=\"1440\" height=\"2169\" src=\"https:\/\/www.bellateca.pl\/wp-content\/uploads\/2020\/10\/OLFACTIVE-STUDIO-Woody-Mood_visual-Robert-Steffens-1440x2169.jpg\" alt=\"\" class=\"wp-image-497\" srcset=\"https:\/\/www.bellateca.pl\/wp-content\/uploads\/2020\/10\/OLFACTIVE-STUDIO-Woody-Mood_visual-Robert-Steffens-1440x2169.jpg 1440w, https:\/\/www.bellateca.pl\/wp-content\/uploads\/2020\/10\/OLFACTIVE-STUDIO-Woody-Mood_visual-Robert-Steffens-300x452.jpg 300w, https:\/\/www.bellateca.pl\/wp-content\/uploads\/2020\/10\/OLFACTIVE-STUDIO-Woody-Mood_visual-Robert-Steffens-1020x1536.jpg 1020w, https:\/\/www.bellateca.pl\/wp-content\/uploads\/2020\/10\/OLFACTIVE-STUDIO-Woody-Mood_visual-Robert-Steffens-1360x2048.jpg 1360w, https:\/\/www.bellateca.pl\/wp-content\/uploads\/2020\/10\/OLFACTIVE-STUDIO-Woody-Mood_visual-Robert-Steffens-800x1205.jpg 800w, https:\/\/www.bellateca.pl\/wp-content\/uploads\/2020\/10\/OLFACTIVE-STUDIO-Woody-Mood_visual-Robert-Steffens-scaled.jpg 1700w\" sizes=\"(max-width: 1440px) 100vw, 1440px\" \/><figcaption>Inspiracja Woody Mood. To zdj\u0119cie z mojego snu&#8230;<\/figcaption><\/figure>\n\n\n\n<p>Z pewno\u015bci\u0105 nie jestem w tej mi\u0142o\u015bci odosobniona, bo gdyby nie by\u0142o tylu fan\u00f3w lasu, nie powstawa\u0142o by tak wiele kosmetyk\u00f3w opartych o le\u015bne olejki. Te najpi\u0119kniejsze to oczywi\u015bcie perfumy! Moim absolutnym hitem, odkrytym rok temu w perfumerii Quality Missala jest le\u015bny zapach Woody Mood. Ma dzia\u0142anie hipnotyczne &#8211; natychmiast relaksuje i zanurza w sentymentalnych wspomnieniach i przenosi w czas wczesnego dzieci\u0144stwa i spacer\u00f3w po lesie pod Siedlcami, gdzie sp\u0119dza\u0142am wakacje. Je\u017adzi\u0142am na ka\u017cde wakacje do miejscowo\u015bci \u0141upiny, gdzie moje wujostwo mia\u0142o dom tu\u017c obok lasu. W tym lesie sp\u0119dzi\u0142am niesamowite chwile a tamten czas to kraina beztroski. Pewnie dlatego paprocie, mchy, olejki sosnowe i jod\u0142owe tak \u0142atwo mnie odpr\u0119\u017caj\u0105.<\/p>\n\n\n\n<figure class=\"wp-block-image size-large\"><img loading=\"lazy\" width=\"500\" height=\"500\" src=\"https:\/\/www.bellateca.pl\/wp-content\/uploads\/2020\/10\/OLFACTIVE-STUDIO-Woody-Mood.jpg\" alt=\"\" class=\"wp-image-498\" srcset=\"https:\/\/www.bellateca.pl\/wp-content\/uploads\/2020\/10\/OLFACTIVE-STUDIO-Woody-Mood.jpg 500w, https:\/\/www.bellateca.pl\/wp-content\/uploads\/2020\/10\/OLFACTIVE-STUDIO-Woody-Mood-300x300.jpg 300w, https:\/\/www.bellateca.pl\/wp-content\/uploads\/2020\/10\/OLFACTIVE-STUDIO-Woody-Mood-150x150.jpg 150w\" sizes=\"(max-width: 500px) 100vw, 500px\" \/><figcaption>Moja le\u015bna mi\u0142o\u015b\u0107, Woody Mood<\/figcaption><\/figure>\n\n\n\n<p>Dzi\u015b, wracaj\u0105c do domu po pracy lub ci\u0119\u017ckim dniu, wlewam kilka kropli sosnowego olejku do dyfuzora i odp\u0142ywam. Na drogeryjnych p\u00f3\u0142kach szukam krem\u00f3w z wyci\u0105giem czarnej sosny &#8211; jest bogaty w polifenole! Znalaz\u0142am te skarby w kremie Korres Black Pine. Kupi\u0142am te\u017c stworzony na bazie sk\u0142adnik\u00f3w naturalnych sosnowy krem chroni\u0105cy i odbudowuj\u0105cy sk\u00f3r\u0119 r\u0105k Babuszki Agafi. Wybieraj\u0105c s\u00f3l do k\u0105pieli &#8211; zawsze postawi\u0119 na tak\u0105 o zapachu lasu. <\/p>\n\n\n\n<p>I oczywi\u015bcie perfumy&#8230; Tu jest niezwyk\u0142y wyb\u00f3r. Wspomn\u0119 o kilku: Jeroboam Ligno z balsamem jod\u0142owym, do tego paczula, ambra i pi\u017cmo. Hmmmm szale\u0144stwo! Albo Nasomatto Blamage &#8211; tu znajdziemy ciep\u0142e, zielone akordy le\u015bne i drzewne. Do tego sama butelka to dzie\u0142o sztuki &#8211; sp\u00f3jrzcie na korek! <\/p>\n\n\n\n<figure class=\"wp-block-image size-large\"><img loading=\"lazy\" width=\"500\" height=\"500\" src=\"https:\/\/www.bellateca.pl\/wp-content\/uploads\/2020\/10\/JEROBOAM-Ligno.jpg\" alt=\"\" class=\"wp-image-499\" srcset=\"https:\/\/www.bellateca.pl\/wp-content\/uploads\/2020\/10\/JEROBOAM-Ligno.jpg 500w, https:\/\/www.bellateca.pl\/wp-content\/uploads\/2020\/10\/JEROBOAM-Ligno-300x300.jpg 300w, https:\/\/www.bellateca.pl\/wp-content\/uploads\/2020\/10\/JEROBOAM-Ligno-150x150.jpg 150w\" sizes=\"(max-width: 500px) 100vw, 500px\" \/><figcaption>Zapach Jeroboam &#8211; balsam jod\u0142owy robi swoje!<\/figcaption><\/figure>\n\n\n\n<p>Pi\u0119knie zapowiada si\u0119 te\u017c Pro Fvmvm Roma Fumidus &#8211; ma w sobie zielony, dymny wetiwer, brzoz\u0119 trzaskaj\u0105c\u0105 w ogniu w jesienne wieczory i whisky. Co za po\u0142\u0105czenie! Jest te\u017c pi\u0119kny jesienny Carner Barcelona Palo Santo o zapachu ciep\u0142ego mleka i rumu, z odrobi\u0105 wetiweru, gwajakowca (palo santo) i cedru&#8230; <\/p>\n\n\n\n<figure class=\"wp-block-image size-large\"><img loading=\"lazy\" width=\"500\" height=\"500\" src=\"https:\/\/www.bellateca.pl\/wp-content\/uploads\/2020\/10\/NASOMATTO-Blamage.jpg\" alt=\"\" class=\"wp-image-500\" srcset=\"https:\/\/www.bellateca.pl\/wp-content\/uploads\/2020\/10\/NASOMATTO-Blamage.jpg 500w, https:\/\/www.bellateca.pl\/wp-content\/uploads\/2020\/10\/NASOMATTO-Blamage-300x300.jpg 300w, https:\/\/www.bellateca.pl\/wp-content\/uploads\/2020\/10\/NASOMATTO-Blamage-150x150.jpg 150w\" sizes=\"(max-width: 500px) 100vw, 500px\" \/><figcaption>Blamage &#8211; dzie\u0142o sztuki<\/figcaption><\/figure>\n\n\n\n<p>Kiedy\u015b my\u015bla\u0142am, \u017ce najbardziej lubi\u0119 wiosn\u0119&#8230; zaczynam jednak coraz cieplej my\u015ble\u0107 o jesieni. Honorata od zawsze jest jesienna. Ju\u017c w po\u0142owie lata cieszy si\u0119 na jego koniec i nadej\u015bcie jesieni. Kolor po\u017c\u00f3\u0142k\u0142ych li\u015bci i dyni jest jej ulubionym. Moja licealna przyjaci\u00f3\u0142ka Ewa napisa\u0142a ostatnio na Facebooku, \u017ce pokocha\u0142a jesie\u0144. Zrozumia\u0142am, \u017ce ja te\u017c. A mo\u017ce to nie jesie\u0144, ale spok\u00f3j, kt\u00f3ry mam. A mo\u017ce to te zapachy? Nie wiem sama&#8230; Id\u0119 pod koc, zapalam \u015bwieczk\u0119 (cynamonowo-dyniow\u0105) i odp\u0142ywam.<\/p>\n\n\n\n<figure class=\"wp-block-image size-large\"><img loading=\"lazy\" width=\"1440\" height=\"1670\" src=\"https:\/\/www.bellateca.pl\/wp-content\/uploads\/2020\/10\/olejek-sosnowy-1440x1670.jpg\" alt=\"\" class=\"wp-image-501\" srcset=\"https:\/\/www.bellateca.pl\/wp-content\/uploads\/2020\/10\/olejek-sosnowy-1440x1670.jpg 1440w, https:\/\/www.bellateca.pl\/wp-content\/uploads\/2020\/10\/olejek-sosnowy-300x348.jpg 300w, https:\/\/www.bellateca.pl\/wp-content\/uploads\/2020\/10\/olejek-sosnowy-1325x1536.jpg 1325w, https:\/\/www.bellateca.pl\/wp-content\/uploads\/2020\/10\/olejek-sosnowy-1766x2048.jpg 1766w, https:\/\/www.bellateca.pl\/wp-content\/uploads\/2020\/10\/olejek-sosnowy-800x928.jpg 800w\" sizes=\"(max-width: 1440px) 100vw, 1440px\" \/><figcaption>I m\u00f3j codzienny przyjaciel&#8230; olejek sosnowy<\/figcaption><\/figure>\n","protected":false},"excerpt":{"rendered":"<p>Nic nie relaksuje mnie bardziej ni\u017c zapach lasu. Ten jesienny, lekko wilgotny, sprawia, \u017ce odp\u0142ywam w marzenie, zanurzam si\u0119 we wspomnieniach. Wiem, \u017ce p\u0142yn\u0119 w romantyzm rodem z Rodziewicz\u00f3wny&#8230; ale c\u00f3\u017c. Tak w\u0142a\u015bnie dzia\u0142a na&hellip;<\/p>\n","protected":false},"author":1,"featured_media":0,"comment_status":"open","ping_status":"closed","sticky":false,"template":"","format":"standard","meta":{"_mi_skip_tracking":false},"categories":[100],"tags":[483,485,489,486,482,479,487,484,488,101,490,481,480],"_links":{"self":[{"href":"https:\/\/www.bellateca.pl\/index.php?rest_route=\/wp\/v2\/posts\/496"}],"collection":[{"href":"https:\/\/www.bellateca.pl\/index.php?rest_route=\/wp\/v2\/posts"}],"about":[{"href":"https:\/\/www.bellateca.pl\/index.php?rest_route=\/wp\/v2\/types\/post"}],"author":[{"embeddable":true,"href":"https:\/\/www.bellateca.pl\/index.php?rest_route=\/wp\/v2\/users\/1"}],"replies":[{"embeddable":true,"href":"https:\/\/www.bellateca.pl\/index.php?rest_route=%2Fwp%2Fv2%2Fcomments&post=496"}],"version-history":[{"count":2,"href":"https:\/\/www.bellateca.pl\/index.php?rest_route=\/wp\/v2\/posts\/496\/revisions"}],"predecessor-version":[{"id":503,"href":"https:\/\/www.bellateca.pl\/index.php?rest_route=\/wp\/v2\/posts\/496\/revisions\/503"}],"wp:attachment":[{"href":"https:\/\/www.bellateca.pl\/index.php?rest_route=%2Fwp%2Fv2%2Fmedia&parent=496"}],"wp:term":[{"taxonomy":"category","embeddable":true,"href":"https:\/\/www.bellateca.pl\/index.php?rest_route=%2Fwp%2Fv2%2Fcategories&post=496"},{"taxonomy":"post_tag","embeddable":true,"href":"https:\/\/www.bellateca.pl\/index.php?rest_route=%2Fwp%2Fv2%2Ftags&post=496"}],"curies":[{"name":"wp","href":"https:\/\/api.w.org\/{rel}","templated":true}]}}